{"id":30549,"date":"2025-01-23T10:47:46","date_gmt":"2025-01-23T10:47:46","guid":{"rendered":"https:\/\/islabonita.com\/?p=30549"},"modified":"2025-01-24T10:57:05","modified_gmt":"2025-01-24T10:57:05","slug":"carlos-fernandez-presidente-asociacion-turismo-rural-isla-bonita","status":"publish","type":"post","link":"https:\/\/islabonita.com\/en\/carlos-fernandez-presidente-asociacion-turismo-rural-isla-bonita\/","title":{"rendered":"Carlos Fern\u00e1ndez, presidente Asociaci\u00f3n Turismo Rural Isla Bonita"},"content":{"rendered":"<p>\u00a133 a\u00f1os escribiendo la historia del turismo rural en La Palma!<\/p>\n<p>En este video, Carlos Fern\u00e1ndez, presidente de la Asociaci\u00f3n de Turismo Rural Isla Bonita, nos comparte no solo la historia de la asociaci\u00f3n, sino tambi\u00e9n el alma de un proyecto que naci\u00f3 del amor por nuestras ra\u00edces.<\/p>\n<p>Desde los primeros pasos como una peque\u00f1a red de alojamientos, hasta liderar proyectos que han posicionado a La Palma como un destino de turismo sostenible, esta historia es un homenaje al trabajo, la visi\u00f3n y el amor por nuestra tierra.<\/p>\n<p>Y por supuesto, con el esfuerzo incansable de los propietarios, que, con su dedicaci\u00f3n, hacen posible la existencia de espacios aut\u00e9nticos que siguen preservando el alma de nuestra isla.<\/p>\n<p>Esto es m\u00e1s que turismo. Esto es identidad. Es futuro. Es La Palma.<\/p>\n<p>\u00a1Dale play y descubre la historia del turismo rural en la Palma!<\/p>\n<div style=\"width: 800px;\" class=\"wp-video\"><!--[if lt IE 9]><script>document.createElement('video');<\/script><![endif]-->\n<video class=\"wp-video-shortcode\" id=\"video-30549-1\" width=\"800\" height=\"450\" preload=\"metadata\" controls=\"controls\"><source type=\"video\/mp4\" src=\"https:\/\/islabonita.com\/wp-content\/uploads\/Carlos-fernandez.mp4?_=1\" \/><a href=\"https:\/\/islabonita.com\/wp-content\/uploads\/Carlos-fernandez.mp4\">https:\/\/islabonita.com\/wp-content\/uploads\/Carlos-fernandez.mp4<\/a><\/video><\/div>\n","protected":false},"excerpt":{"rendered":"<p>\u00a133 a\u00f1os escribiendo la historia del turismo rural en La Palma! En este video, Carlos Fern\u00e1ndez, presidente de la Asociaci\u00f3n de Turismo Rural Isla Bonita, nos comparte no solo la historia de la asociaci\u00f3n, sino tambi\u00e9n el alma de un proyecto que naci\u00f3 del amor por nuestras ra\u00edces. Desde los primeros pasos como una peque\u00f1a [&hellip;]<\/p>\n","protected":false},"author":10,"featured_media":30555,"comment_status":"closed","ping_status":"closed","sticky":false,"template":"","format":"standard","meta":{"footnotes":""},"categories":[645],"tags":[],"rttpg_featured_image_url":{"full":["https:\/\/islabonita.com\/wp-content\/uploads\/carlos-fernandez.png",1200,523,false],"landscape":["https:\/\/islabonita.com\/wp-content\/uploads\/carlos-fernandez.png",1200,523,false],"portraits":["https:\/\/islabonita.com\/wp-content\/uploads\/carlos-fernandez.png",1200,523,false],"thumbnail":["https:\/\/islabonita.com\/wp-content\/uploads\/carlos-fernandez-400x300.png",400,300,true],"medium":["https:\/\/islabonita.com\/wp-content\/uploads\/carlos-fernandez-300x131.png",300,131,true],"medium_large":["https:\/\/islabonita.com\/wp-content\/uploads\/carlos-fernandez-768x335.png",768,335,true],"large":["https:\/\/islabonita.com\/wp-content\/uploads\/carlos-fernandez-1024x446.png",850,370,true],"1536x1536":["https:\/\/islabonita.com\/wp-content\/uploads\/carlos-fernandez.png",1200,523,false],"2048x2048":["https:\/\/islabonita.com\/wp-content\/uploads\/carlos-fernandez.png",1200,523,false],"byt-featured":["https:\/\/islabonita.com\/wp-content\/uploads\/carlos-fernandez.png",1200,523,false],"portada":["https:\/\/islabonita.com\/wp-content\/uploads\/carlos-fernandez-337x147.png",337,147,true],"miniatura-casa":["https:\/\/islabonita.com\/wp-content\/uploads\/carlos-fernandez-400x300.png",400,300,true]},"rttpg_author":{"display_name":"Isla Bonita","author_link":"https:\/\/islabonita.com\/en\/author\/islabonita\/"},"rttpg_comment":0,"rttpg_category":"<a href=\"https:\/\/islabonita.com\/category\/noticias\/\" rel=\"category tag\">Noticias<\/a>","rttpg_excerpt":"\u00a133 a\u00f1os escribiendo la historia del turismo rural en La Palma! En este video, Carlos Fern\u00e1ndez, presidente de la Asociaci\u00f3n de Turismo Rural Isla Bonita, nos comparte no solo la historia de la asociaci\u00f3n, sino tambi\u00e9n el alma de un proyecto que naci\u00f3 del amor por nuestras ra\u00edces. Desde los primeros pasos como una peque\u00f1a&hellip;","_links":{"self":[{"href":"https:\/\/islabonita.com\/en\/wp-json\/wp\/v2\/posts\/30549"}],"collection":[{"href":"https:\/\/islabonita.com\/en\/wp-json\/wp\/v2\/posts"}],"about":[{"href":"https:\/\/islabonita.com\/en\/wp-json\/wp\/v2\/types\/post"}],"author":[{"embeddable":true,"href":"https:\/\/islabonita.com\/en\/wp-json\/wp\/v2\/users\/10"}],"replies":[{"embeddable":true,"href":"https:\/\/islabonita.com\/en\/wp-json\/wp\/v2\/comments?post=30549"}],"version-history":[{"count":1,"href":"https:\/\/islabonita.com\/en\/wp-json\/wp\/v2\/posts\/30549\/revisions"}],"predecessor-version":[{"id":30560,"href":"https:\/\/islabonita.com\/en\/wp-json\/wp\/v2\/posts\/30549\/revisions\/30560"}],"wp:featuredmedia":[{"embeddable":true,"href":"https:\/\/islabonita.com\/en\/wp-json\/wp\/v2\/media\/30555"}],"wp:attachment":[{"href":"https:\/\/islabonita.com\/en\/wp-json\/wp\/v2\/media?parent=30549"}],"wp:term":[{"taxonomy":"category","embeddable":true,"href":"https:\/\/islabonita.com\/en\/wp-json\/wp\/v2\/categories?post=30549"},{"taxonomy":"post_tag","embeddable":true,"href":"https:\/\/islabonita.com\/en\/wp-json\/wp\/v2\/tags?post=30549"}],"curies":[{"name":"wp","href":"https:\/\/api.w.org\/{rel}","templated":true}]}}