{"id":30536,"date":"2025-01-15T10:38:03","date_gmt":"2025-01-15T10:38:03","guid":{"rendered":"https:\/\/islabonita.com\/?p=30536"},"modified":"2025-02-13T13:00:56","modified_gmt":"2025-02-13T13:00:56","slug":"flavio-perez-propietario-casa-rural","status":"publish","type":"post","link":"https:\/\/islabonita.com\/en\/flavio-perez-propietario-casa-rural\/","title":{"rendered":"Flavio P\u00e9rez, propietario Casa Rural &#8216;Ne\u00f3lida&#8217;"},"content":{"rendered":"<p>Hoy te invitamos a conocer a Flavio P\u00e9rez, propietario de la Casa Rural &#8216;Ne\u00f3lida&#8217;, ubicada en el\u00a0municipio de Puntallana. Este alojamiento, con m\u00e1s de 100 a\u00f1os de historia, fue cuidadosamente rehabilitado y, desde 2012, forma parte de la asociaci\u00f3n.<\/p>\n<p>Flavio reconoce con orgullo la satisfacci\u00f3n que le brinda la excelente acogida de su casa, un lugar donde los hu\u00e9spedes encuentran un refugio de &#8220;tranquilidad y naturaleza&#8221; al llegar<\/p>\n<p>\u00a1No te pierdas el video! Descubre m\u00e1s sobre la Casa Rural &#8216;Ne\u00f3lida&#8217; y c\u00f3mo Flavio ha convertido este rinc\u00f3n \u00fanico en un oasis de calma para todos sus visitantes.<\/p>\n<div style=\"width: 800px;\" class=\"wp-video\"><!--[if lt IE 9]><script>document.createElement('video');<\/script><![endif]-->\n<video class=\"wp-video-shortcode\" id=\"video-30536-1\" width=\"800\" height=\"450\" preload=\"metadata\" controls=\"controls\"><source type=\"video\/mp4\" src=\"https:\/\/islabonita.com\/wp-content\/uploads\/flavio-perez.mp4?_=1\" \/><a href=\"https:\/\/islabonita.com\/wp-content\/uploads\/flavio-perez.mp4\">https:\/\/islabonita.com\/wp-content\/uploads\/flavio-perez.mp4<\/a><\/video><\/div>\n","protected":false},"excerpt":{"rendered":"<p>Hoy te invitamos a conocer a Flavio P\u00e9rez, propietario de la Casa Rural &#8216;Ne\u00f3lida&#8217;, ubicada en el\u00a0municipio de Puntallana. Este alojamiento, con m\u00e1s de 100 a\u00f1os de historia, fue cuidadosamente rehabilitado y, desde 2012, forma parte de la asociaci\u00f3n. Flavio reconoce con orgullo la satisfacci\u00f3n que le brinda la excelente acogida de su casa, un [&hellip;]<\/p>\n","protected":false},"author":10,"featured_media":30542,"comment_status":"closed","ping_status":"closed","sticky":false,"template":"","format":"standard","meta":{"footnotes":""},"categories":[645],"tags":[],"rttpg_featured_image_url":{"full":["https:\/\/islabonita.com\/wp-content\/uploads\/flavio-perez.png",1200,548,false],"landscape":["https:\/\/islabonita.com\/wp-content\/uploads\/flavio-perez.png",1200,548,false],"portraits":["https:\/\/islabonita.com\/wp-content\/uploads\/flavio-perez.png",1200,548,false],"thumbnail":["https:\/\/islabonita.com\/wp-content\/uploads\/flavio-perez-400x300.png",400,300,true],"medium":["https:\/\/islabonita.com\/wp-content\/uploads\/flavio-perez-300x137.png",300,137,true],"medium_large":["https:\/\/islabonita.com\/wp-content\/uploads\/flavio-perez-768x351.png",768,351,true],"large":["https:\/\/islabonita.com\/wp-content\/uploads\/flavio-perez-1024x468.png",850,388,true],"1536x1536":["https:\/\/islabonita.com\/wp-content\/uploads\/flavio-perez.png",1200,548,false],"2048x2048":["https:\/\/islabonita.com\/wp-content\/uploads\/flavio-perez.png",1200,548,false],"byt-featured":["https:\/\/islabonita.com\/wp-content\/uploads\/flavio-perez.png",1200,548,false],"portada":["https:\/\/islabonita.com\/wp-content\/uploads\/flavio-perez-337x154.png",337,154,true],"miniatura-casa":["https:\/\/islabonita.com\/wp-content\/uploads\/flavio-perez-400x300.png",400,300,true]},"rttpg_author":{"display_name":"Isla Bonita","author_link":"https:\/\/islabonita.com\/en\/author\/islabonita\/"},"rttpg_comment":0,"rttpg_category":"<a href=\"https:\/\/islabonita.com\/category\/noticias\/\" rel=\"category tag\">Noticias<\/a>","rttpg_excerpt":"Hoy te invitamos a conocer a Flavio P\u00e9rez, propietario de la Casa Rural &#8216;Ne\u00f3lida&#8217;, ubicada en el\u00a0municipio de Puntallana. Este alojamiento, con m\u00e1s de 100 a\u00f1os de historia, fue cuidadosamente rehabilitado y, desde 2012, forma parte de la asociaci\u00f3n. Flavio reconoce con orgullo la satisfacci\u00f3n que le brinda la excelente acogida de su casa, un&hellip;","_links":{"self":[{"href":"https:\/\/islabonita.com\/en\/wp-json\/wp\/v2\/posts\/30536"}],"collection":[{"href":"https:\/\/islabonita.com\/en\/wp-json\/wp\/v2\/posts"}],"about":[{"href":"https:\/\/islabonita.com\/en\/wp-json\/wp\/v2\/types\/post"}],"author":[{"embeddable":true,"href":"https:\/\/islabonita.com\/en\/wp-json\/wp\/v2\/users\/10"}],"replies":[{"embeddable":true,"href":"https:\/\/islabonita.com\/en\/wp-json\/wp\/v2\/comments?post=30536"}],"version-history":[{"count":3,"href":"https:\/\/islabonita.com\/en\/wp-json\/wp\/v2\/posts\/30536\/revisions"}],"predecessor-version":[{"id":30792,"href":"https:\/\/islabonita.com\/en\/wp-json\/wp\/v2\/posts\/30536\/revisions\/30792"}],"wp:featuredmedia":[{"embeddable":true,"href":"https:\/\/islabonita.com\/en\/wp-json\/wp\/v2\/media\/30542"}],"wp:attachment":[{"href":"https:\/\/islabonita.com\/en\/wp-json\/wp\/v2\/media?parent=30536"}],"wp:term":[{"taxonomy":"category","embeddable":true,"href":"https:\/\/islabonita.com\/en\/wp-json\/wp\/v2\/categories?post=30536"},{"taxonomy":"post_tag","embeddable":true,"href":"https:\/\/islabonita.com\/en\/wp-json\/wp\/v2\/tags?post=30536"}],"curies":[{"name":"wp","href":"https:\/\/api.w.org\/{rel}","templated":true}]}}