{"id":30434,"date":"2024-12-17T14:56:18","date_gmt":"2024-12-17T14:56:18","guid":{"rendered":"https:\/\/islabonita.com\/?p=30434"},"modified":"2025-02-13T12:55:05","modified_gmt":"2025-02-13T12:55:05","slug":"victor-yanes-propietario-de-casa-rural","status":"publish","type":"post","link":"https:\/\/islabonita.com\/en\/victor-yanes-propietario-de-casa-rural\/","title":{"rendered":"V\u00edctor Yanes, propietario Casa Rural &#8216;Las Toscas&#8217;"},"content":{"rendered":"<p>Conoce a V\u00edctor Yanes, propietario de la Casa Rural &#8216;Las Toscas&#8217;, ubicada en Villa de Mazo. Esta\u00a0propiedad, que V\u00edctor hered\u00f3 de su padre, guarda en sus muros m\u00e1s de un siglo de historia, con una inscripci\u00f3n que data de 1905.<\/p>\n<p>V\u00edctor nos comparte c\u00f3mo esta casa, adquirida por su abuelo, fue transform\u00e1ndose a lo largo del tiempo: primero como vivienda, luego como cuadra, y finalmente como pajar. En el a\u00f1o 2000, junto a su mujer y su hijo, decidi\u00f3 devolverle la vida, rehabilit\u00e1ndola y transform\u00e1ndola en lo que es hoy.<\/p>\n<p>En este video, te invitamos a conocer a V\u00edctor y a descubrir un lugar lleno de historia y dedicaci\u00f3n familiar, donde cada rinc\u00f3n cuenta una historia de amor y esfuerzo.<\/p>\n<p>&nbsp;<\/p>\n<div style=\"width: 800px;\" class=\"wp-video\"><!--[if lt IE 9]><script>document.createElement('video');<\/script><![endif]-->\n<video class=\"wp-video-shortcode\" id=\"video-30434-1\" width=\"800\" height=\"450\" preload=\"metadata\" controls=\"controls\"><source type=\"video\/mp4\" src=\"https:\/\/islabonita.com\/wp-content\/uploads\/victor-yanes.mp4?_=1\" \/><a href=\"https:\/\/islabonita.com\/wp-content\/uploads\/victor-yanes.mp4\">https:\/\/islabonita.com\/wp-content\/uploads\/victor-yanes.mp4<\/a><\/video><\/div>\n","protected":false},"excerpt":{"rendered":"<p>Conoce a V\u00edctor Yanes, propietario de la Casa Rural &#8216;Las Toscas&#8217;, ubicada en Villa de Mazo. Esta\u00a0propiedad, que V\u00edctor hered\u00f3 de su padre, guarda en sus muros m\u00e1s de un siglo de historia, con una inscripci\u00f3n que data de 1905. V\u00edctor nos comparte c\u00f3mo esta casa, adquirida por su abuelo, fue transform\u00e1ndose a lo largo [&hellip;]<\/p>\n","protected":false},"author":10,"featured_media":30435,"comment_status":"closed","ping_status":"closed","sticky":false,"template":"","format":"standard","meta":{"footnotes":""},"categories":[645],"tags":[],"rttpg_featured_image_url":{"full":["https:\/\/islabonita.com\/wp-content\/uploads\/victor-yanes.png",1200,506,false],"landscape":["https:\/\/islabonita.com\/wp-content\/uploads\/victor-yanes.png",1200,506,false],"portraits":["https:\/\/islabonita.com\/wp-content\/uploads\/victor-yanes.png",1200,506,false],"thumbnail":["https:\/\/islabonita.com\/wp-content\/uploads\/victor-yanes-400x300.png",400,300,true],"medium":["https:\/\/islabonita.com\/wp-content\/uploads\/victor-yanes-300x127.png",300,127,true],"medium_large":["https:\/\/islabonita.com\/wp-content\/uploads\/victor-yanes-768x324.png",768,324,true],"large":["https:\/\/islabonita.com\/wp-content\/uploads\/victor-yanes-1024x432.png",850,359,true],"1536x1536":["https:\/\/islabonita.com\/wp-content\/uploads\/victor-yanes.png",1200,506,false],"2048x2048":["https:\/\/islabonita.com\/wp-content\/uploads\/victor-yanes.png",1200,506,false],"byt-featured":["https:\/\/islabonita.com\/wp-content\/uploads\/victor-yanes.png",1200,506,false],"portada":["https:\/\/islabonita.com\/wp-content\/uploads\/victor-yanes-337x142.png",337,142,true],"miniatura-casa":["https:\/\/islabonita.com\/wp-content\/uploads\/victor-yanes-400x300.png",400,300,true]},"rttpg_author":{"display_name":"Isla Bonita","author_link":"https:\/\/islabonita.com\/en\/author\/islabonita\/"},"rttpg_comment":0,"rttpg_category":"<a href=\"https:\/\/islabonita.com\/category\/noticias\/\" rel=\"category tag\">Noticias<\/a>","rttpg_excerpt":"Conoce a V\u00edctor Yanes, propietario de la Casa Rural &#8216;Las Toscas&#8217;, ubicada en Villa de Mazo. Esta\u00a0propiedad, que V\u00edctor hered\u00f3 de su padre, guarda en sus muros m\u00e1s de un siglo de historia, con una inscripci\u00f3n que data de 1905. V\u00edctor nos comparte c\u00f3mo esta casa, adquirida por su abuelo, fue transform\u00e1ndose a lo largo&hellip;","_links":{"self":[{"href":"https:\/\/islabonita.com\/en\/wp-json\/wp\/v2\/posts\/30434"}],"collection":[{"href":"https:\/\/islabonita.com\/en\/wp-json\/wp\/v2\/posts"}],"about":[{"href":"https:\/\/islabonita.com\/en\/wp-json\/wp\/v2\/types\/post"}],"author":[{"embeddable":true,"href":"https:\/\/islabonita.com\/en\/wp-json\/wp\/v2\/users\/10"}],"replies":[{"embeddable":true,"href":"https:\/\/islabonita.com\/en\/wp-json\/wp\/v2\/comments?post=30434"}],"version-history":[{"count":5,"href":"https:\/\/islabonita.com\/en\/wp-json\/wp\/v2\/posts\/30434\/revisions"}],"predecessor-version":[{"id":30785,"href":"https:\/\/islabonita.com\/en\/wp-json\/wp\/v2\/posts\/30434\/revisions\/30785"}],"wp:featuredmedia":[{"embeddable":true,"href":"https:\/\/islabonita.com\/en\/wp-json\/wp\/v2\/media\/30435"}],"wp:attachment":[{"href":"https:\/\/islabonita.com\/en\/wp-json\/wp\/v2\/media?parent=30434"}],"wp:term":[{"taxonomy":"category","embeddable":true,"href":"https:\/\/islabonita.com\/en\/wp-json\/wp\/v2\/categories?post=30434"},{"taxonomy":"post_tag","embeddable":true,"href":"https:\/\/islabonita.com\/en\/wp-json\/wp\/v2\/tags?post=30434"}],"curies":[{"name":"wp","href":"https:\/\/api.w.org\/{rel}","templated":true}]}}